{"@context":"https:\/\/schema.org\/","@type":"CollectionPage","@id":"https:\/\/www.rotera.cz\/kultura\/#CollectionPage","headline":"Kultura Category","description":"","url":"https:\/\/www.rotera.cz\/kultura\/","hasPart":[{"@type":"Article","@id":"https:\/\/www.rotera.cz\/navstivte-spolecne-s-detmi-technicke-muzeum\/","headline":"Nav\u0161tivte spole\u010dn\u011b s d\u011btmi technick\u00e9 muzeum","url":"https:\/\/www.rotera.cz\/navstivte-spolecne-s-detmi-technicke-muzeum\/","datePublished":"2020-09-27","dateModified":"2023-04-28","mainEntityOfPage":"https:\/\/www.rotera.cz\/navstivte-spolecne-s-detmi-technicke-muzeum\/","author":{"@type":"Person","@id":"https:\/\/www.rotera.cz\/author\/#Person","name":"","url":"https:\/\/www.rotera.cz\/author\/","identifier":1,"image":{"@type":"ImageObject","@id":"https:\/\/secure.gravatar.com\/avatar\/bbaa4e9a58aac4329fe0ade0f3fb816f09f0dc43c21f6e884dccfbc124b16b29?s=96&d=mm&r=g","url":"https:\/\/secure.gravatar.com\/avatar\/bbaa4e9a58aac4329fe0ade0f3fb816f09f0dc43c21f6e884dccfbc124b16b29?s=96&d=mm&r=g","height":96,"width":96}},"publisher":{"@type":"Organization","name":"rotera.cz","logo":{"@type":"ImageObject","@id":"\/logo.png","url":"\/logo.png","width":600,"height":60}},"image":{"@type":"ImageObject","@id":"https:\/\/www.rotera.cz\/wp-content\/uploads\/img_a312835_w2424_t1523604568.jpg","url":"https:\/\/www.rotera.cz\/wp-content\/uploads\/img_a312835_w2424_t1523604568.jpg","height":0,"width":0},"keywords":null},{"@type":"Article","@id":"https:\/\/www.rotera.cz\/zahranici-vs-ceska-republika\/","headline":"Zahrani\u010d\u00ed vs. \u010cesk\u00e1 republika","url":"https:\/\/www.rotera.cz\/zahranici-vs-ceska-republika\/","datePublished":"2020-09-24","dateModified":"2023-04-28","mainEntityOfPage":"https:\/\/www.rotera.cz\/zahranici-vs-ceska-republika\/","author":{"@type":"Person","@id":"https:\/\/www.rotera.cz\/author\/#Person","name":"","url":"https:\/\/www.rotera.cz\/author\/","identifier":1,"image":{"@type":"ImageObject","@id":"https:\/\/secure.gravatar.com\/avatar\/bbaa4e9a58aac4329fe0ade0f3fb816f09f0dc43c21f6e884dccfbc124b16b29?s=96&d=mm&r=g","url":"https:\/\/secure.gravatar.com\/avatar\/bbaa4e9a58aac4329fe0ade0f3fb816f09f0dc43c21f6e884dccfbc124b16b29?s=96&d=mm&r=g","height":96,"width":96}},"publisher":{"@type":"Organization","name":"rotera.cz","logo":{"@type":"ImageObject","@id":"\/logo.png","url":"\/logo.png","width":600,"height":60}},"image":{"@type":"ImageObject","@id":"https:\/\/www.rotera.cz\/wp-content\/uploads\/img_a300687_w1710_t1510736272.jpg","url":"https:\/\/www.rotera.cz\/wp-content\/uploads\/img_a300687_w1710_t1510736272.jpg","height":0,"width":0},"keywords":null},{"@type":"Article","@id":"https:\/\/www.rotera.cz\/dovolena-na-sri-lance-ano-nebo-ne\/","headline":"Dovolen\u00e1 na Sr\u00ed Lance \u2013 ano nebo ne?","url":"https:\/\/www.rotera.cz\/dovolena-na-sri-lance-ano-nebo-ne\/","datePublished":"2019-04-02","dateModified":"2023-04-28","mainEntityOfPage":"https:\/\/www.rotera.cz\/dovolena-na-sri-lance-ano-nebo-ne\/","author":{"@type":"Person","@id":"https:\/\/www.rotera.cz\/author\/#Person","name":"","url":"https:\/\/www.rotera.cz\/author\/","identifier":1,"image":{"@type":"ImageObject","@id":"https:\/\/secure.gravatar.com\/avatar\/bbaa4e9a58aac4329fe0ade0f3fb816f09f0dc43c21f6e884dccfbc124b16b29?s=96&d=mm&r=g","url":"https:\/\/secure.gravatar.com\/avatar\/bbaa4e9a58aac4329fe0ade0f3fb816f09f0dc43c21f6e884dccfbc124b16b29?s=96&d=mm&r=g","height":96,"width":96}},"publisher":{"@type":"Organization","name":"rotera.cz","logo":{"@type":"ImageObject","@id":"\/logo.png","url":"\/logo.png","width":600,"height":60}},"image":{"@type":"ImageObject","@id":"https:\/\/www.rotera.cz\/wp-content\/uploads\/img_a343191_w1735_t1556364425.jpg","url":"https:\/\/www.rotera.cz\/wp-content\/uploads\/img_a343191_w1735_t1556364425.jpg","height":0,"width":0},"keywords":null}]}