[{"@context":"https:\/\/schema.org\/","@type":"Article","@id":"https:\/\/www.rotera.cz\/mene-je-nekdy-vice\/#Article","mainEntityOfPage":"https:\/\/www.rotera.cz\/mene-je-nekdy-vice\/","headline":"M\u00e9n\u011b je n\u011bkdy v\u00edce","name":"M\u00e9n\u011b je n\u011bkdy v\u00edce","description":"Zn\u00e1te to pou\u010dn\u00e9 pov\u00edd\u00e1n\u00ed o psovi, kter\u00fd plaval v \u0159ece s kusem masa v zubech? D\u00e1l od n\u011bho plaval jin\u00fd kus masa\u2026 Pes ho zahl\u00e9dl &hellip; ","datePublished":"2021-12-25","dateModified":"2023-04-29","author":{"@type":"Person","@id":"https:\/\/www.rotera.cz\/author\/#Person","name":"","url":"https:\/\/www.rotera.cz\/author\/","identifier":1,"image":{"@type":"ImageObject","@id":"https:\/\/secure.gravatar.com\/avatar\/bbaa4e9a58aac4329fe0ade0f3fb816f09f0dc43c21f6e884dccfbc124b16b29?s=96&d=mm&r=g","url":"https:\/\/secure.gravatar.com\/avatar\/bbaa4e9a58aac4329fe0ade0f3fb816f09f0dc43c21f6e884dccfbc124b16b29?s=96&d=mm&r=g","height":96,"width":96}},"publisher":{"@type":"Organization","name":"rotera.cz","logo":{"@type":"ImageObject","@id":"\/logo.png","url":"\/logo.png","width":600,"height":60}},"image":{"@type":"ImageObject","@id":"https:\/\/www.rotera.cz\/wp-content\/uploads\/kvet_sedmikrasky.jpg","url":"https:\/\/www.rotera.cz\/wp-content\/uploads\/kvet_sedmikrasky.jpg","height":0,"width":0},"url":"https:\/\/www.rotera.cz\/mene-je-nekdy-vice\/","about":["Vztahy"],"wordCount":462,"articleBody":"Zn\u00e1te to pou\u010dn\u00e9 pov\u00edd\u00e1n\u00ed o psovi, kter\u00fd plaval v \u0159ece s kusem masa v zubech? D\u00e1l od n\u011bho plaval jin\u00fd kus masa\u2026 Pes ho zahl\u00e9dl a dostal na n\u011bj takovou chu\u0165, \u017ee po n\u011bm lapnul, ale t\u00edm jak otev\u0159el tlamu, ten kus masa, co m\u011bl v zubech, mu vypadl a ten druh\u00fd kus masa uplaval tak\u00e9 d\u00e1l po \u0159ece. Pes nakonec nem\u011bl nic.Pan Karel se dostal do podobn\u00e9 situace. Je\u0161t\u011b v\u010dera m\u011bl \u0161\u0165astn\u00e9 man\u017eelstv\u00ed, ale dnes mu hrozilo, \u017ee ho jeho \u017eena opust\u00ed. Zakoukal se toti\u017e do sv\u00e9 mlad\u00e9 kolegyn\u011b v amat\u00e9rsk\u00e9m divadeln\u00edm spolku, kam za\u010dal p\u0159ed n\u011bkolika lety doch\u00e1zet. Kdy\u017e sle\u010dnu Alici jednoho dne doprov\u00e1zel po zkou\u0161ce dom\u016f, uvid\u011bla je pan\u00ed Jana \u2013 jeho man\u017eelka, v dru\u017en\u00e9m hovoru. Tv\u00e1\u0159ili se zamilovan\u011b. Ano, pan Karel zamilovan\u00fd o\u010dividn\u011b byl, ale do sv\u00e9 man\u017eelky tedy asi ur\u010dit\u011b ne. Jako by j\u00ed v\u0161e najednou za\u010dalo do sebe zapadat. Jeho st\u00e1l\u00e9 odchody na zkou\u0161ky, potom necht\u011bl b\u00fdt ru\u0161en p\u0159i pr\u00e1ci. Komunikoval s n\u00ed jen stroze a kr\u00e1tce o tom nejnutn\u011bj\u0161\u00edm. Kdy\u017e p\u0159ijeli jejich syn a dcera se sv\u00fdmi partnery na n\u00e1v\u0161t\u011bvu, v\u0161e prob\u00edhalo celkem norm\u00e1ln\u011b. R\u00e1d se se v\u0161emi pobavil, byl spole\u010densk\u00fd a vesel\u00fd. Kdy\u017e v\u0161ak odjeli, v\u0161e se znovu vr\u00e1tilo do star\u00fdch kolej\u00ed. Jako kdy\u017e se na divadle zm\u011bn\u00ed kulisy. Dokonce j\u00ed zapomn\u011bl d\u00e1t i d\u00e1rek k sv\u00e1tku, co\u017e se je\u0161t\u011b nikdy p\u0159edt\u00edm nestalo. Nep\u0159ipomn\u011bla se, nic nevy\u010d\u00edtala. Omlouvala ho st\u00e1le je\u0161t\u011b s nad\u011bj\u00ed, \u017ee v\u0161e je jen jej\u00ed \u0161patn\u00fd odhad a bujn\u00e1 fantazie. N\u011bkdy se ale neudr\u017eela a za\u010dali se h\u00e1dat. Kv\u016fli mali\u010dkostem, jak u\u017e to v\u011bt\u0161inou b\u00fdv\u00e1. To, kdy\u017e vid\u011bla, jak je zase du\u0161\u00ed n\u011bkde \u00fapln\u011b jinde &#8211; u sv\u00e9 kr\u00e1sn\u00e9 mlad\u00e9 Alice, zat\u00edmco na ni jen k\u0159i\u010d\u00ed, jako by ji nen\u00e1vid\u011bl a nejrad\u0161i by se j\u00ed zbavil. Kolikr\u00e1t mu ji v h\u00e1dce i vy\u010detla a \u010dekala, jak bude reagovat. Samoz\u0159ejm\u011b, \u017ee v\u0161e vyvr\u00e1til. Nech\u00e1pala to. A\u017e jednoho dne uvid\u011bla Alici ve m\u011bst\u011b s mlad\u00edkem. Dr\u017eeli se za ruce. \u0160\u0165astn\u011b a s radost\u00ed sko\u010dila pak pan\u00ed Jana sv\u00e9mu man\u017eelovi kolem krku. A on byl tak\u00e9 r\u00e1d, \u017ee je op\u011bt v\u0161e p\u0159i star\u00e9m \u2013 tak, jak to m\u00e1 b\u00fdt.                                                                                                                                                                                                                                                                                                                                                                                        3.9\/5 - (9 votes)        "},{"@context":"https:\/\/schema.org\/","@type":"BreadcrumbList","itemListElement":[{"@type":"ListItem","position":1,"name":"M\u00e9n\u011b je n\u011bkdy v\u00edce","item":"https:\/\/www.rotera.cz\/mene-je-nekdy-vice\/#breadcrumbitem"}]}]