[{"@context":"https:\/\/schema.org\/","@type":"Article","@id":"https:\/\/www.rotera.cz\/na-kole-do-prirody\/#Article","mainEntityOfPage":"https:\/\/www.rotera.cz\/na-kole-do-prirody\/","headline":"Na kole do p\u0159\u00edrody","name":"Na kole do p\u0159\u00edrody","description":"R\u00e1di se koch\u00e1te krajinou ze sedla kola? Nejste \u00fapln\u011b zap\u00e1len\u00ed cyklist\u00e9, ale p\u0159esto vyr\u00e1\u017e\u00edte \u010dasto na kole do p\u0159\u00edrody? Tak to ur\u010dit\u011b m\u00e1te po\u0159\u00e1dn\u00e9 kolo &hellip; ","datePublished":"2025-04-30","dateModified":"2025-04-30","author":{"@type":"Person","@id":"https:\/\/www.rotera.cz\/author\/#Person","name":"","url":"https:\/\/www.rotera.cz\/author\/","identifier":1,"image":{"@type":"ImageObject","@id":"https:\/\/secure.gravatar.com\/avatar\/bbaa4e9a58aac4329fe0ade0f3fb816f09f0dc43c21f6e884dccfbc124b16b29?s=96&d=mm&r=g","url":"https:\/\/secure.gravatar.com\/avatar\/bbaa4e9a58aac4329fe0ade0f3fb816f09f0dc43c21f6e884dccfbc124b16b29?s=96&d=mm&r=g","height":96,"width":96}},"publisher":{"@type":"Organization","name":"rotera.cz","logo":{"@type":"ImageObject","@id":"\/logo.png","url":"\/logo.png","width":600,"height":60}},"url":"https:\/\/www.rotera.cz\/na-kole-do-prirody\/","wordCount":191,"articleBody":"R\u00e1di se koch\u00e1te krajinou ze sedla kola? Nejste \u00fapln\u011b zap\u00e1len\u00ed cyklist\u00e9, ale p\u0159esto vyr\u00e1\u017e\u00edte \u010dasto na kole do p\u0159\u00edrody? Tak to ur\u010dit\u011b m\u00e1te po\u0159\u00e1dn\u00e9 kolo a vybaven\u00ed. A s na\u0161imi MTB tretrami budete jezdit jako profesion\u00e1ln\u00ed z\u00e1vodn\u00edci. Jsou vyrobeny na m\u00edru, tak\u017ee se p\u0159izp\u016fsob\u00ed p\u0159esn\u011b Va\u0161\u00ed noze. Skv\u011ble sed\u00ed a dr\u017e\u00ed klenbu Va\u0161\u00ed nohy. Maj\u00ed hrub\u0161\u00ed a tvrd\u0161\u00ed podr\u00e1\u017eku, tak\u017ee perfektn\u011b sed\u00ed i na \u0161lap\u00e1tk\u00e1ch Va\u0161eho kola. Vyzkou\u0161ejte sami. Vyje\u010fte za zdrav\u00fdm vzduchem Jestli pat\u0159\u00edte mezi lidi, kte\u0159\u00ed r\u00e1di vyr\u00e1\u017eej\u00ed na kolech za pohybem a zdrav\u00fdm vzduchem, tak jste tu na spr\u00e1vn\u00e9m m\u00edst\u011b. Pr\u00e1v\u011b V\u00e1m nab\u00edz\u00edme MTB tretry t\u00e9 nejvy\u0161\u0161\u00ed kvality, vyr\u00e1b\u011bn\u00e9 tou nejlep\u0161\u00ed spole\u010dnost\u00ed v tomto oboru. Jsou pevn\u00e9 a lehk\u00e9, ergonomicky tvarovan\u00e9 a hodn\u011b V\u00e1m zp\u0159\u00edjemn\u00ed ka\u017edou j\u00edzdu. Perfektn\u011b dr\u017e\u00ed klenbu Va\u0161\u00ed nohy. Prost\u011b jen sam\u00e1 pozitiva. Na nic u\u017e ne\u010dekejte a po\u0159i\u010fte si je a\u0165 je m\u016f\u017eete vyzkou\u0161et.                                                                                                                                                                                                                                                                                                                                                                                                "},{"@context":"https:\/\/schema.org\/","@type":"BreadcrumbList","itemListElement":[{"@type":"ListItem","position":1,"name":"Na kole do p\u0159\u00edrody","item":"https:\/\/www.rotera.cz\/na-kole-do-prirody\/#breadcrumbitem"}]}]