[{"@context":"https:\/\/schema.org\/","@type":"Article","@id":"https:\/\/www.rotera.cz\/skald-pro-ruzne-veci\/#Article","mainEntityOfPage":"https:\/\/www.rotera.cz\/skald-pro-ruzne-veci\/","headline":"Skald pro r\u016fzn\u00e9 v\u011bci","name":"Skald pro r\u016fzn\u00e9 v\u011bci","description":"Jist\u011b se v\u00e1m u\u017e taky n\u011bkdy stalo, \u017ee jste pot\u0159ebovali n\u011bco rychle vyst\u011bhovat, ale nem\u011bli jste na to v\u016fbec \u017e\u00e1dn\u00e9 prostory. Od toho tady jsou &hellip; ","datePublished":"2023-01-14","dateModified":"2023-07-21","author":{"@type":"Person","@id":"https:\/\/www.rotera.cz\/author\/#Person","name":"","url":"https:\/\/www.rotera.cz\/author\/","identifier":1,"image":{"@type":"ImageObject","@id":"https:\/\/secure.gravatar.com\/avatar\/bbaa4e9a58aac4329fe0ade0f3fb816f09f0dc43c21f6e884dccfbc124b16b29?s=96&d=mm&r=g","url":"https:\/\/secure.gravatar.com\/avatar\/bbaa4e9a58aac4329fe0ade0f3fb816f09f0dc43c21f6e884dccfbc124b16b29?s=96&d=mm&r=g","height":96,"width":96}},"publisher":{"@type":"Organization","name":"rotera.cz","logo":{"@type":"ImageObject","@id":"\/logo.png","url":"\/logo.png","width":600,"height":60}},"image":{"@type":"ImageObject","@id":"https:\/\/www.rotera.cz\/wp-content\/uploads\/warehouse-5635000_960_720_4.jpg","url":"https:\/\/www.rotera.cz\/wp-content\/uploads\/warehouse-5635000_960_720_4.jpg","height":0,"width":0},"url":"https:\/\/www.rotera.cz\/skald-pro-ruzne-veci\/","about":["Produkty"],"wordCount":392,"articleBody":"        Jist\u011b se v\u00e1m u\u017e taky n\u011bkdy stalo, \u017ee jste pot\u0159ebovali n\u011bco rychle vyst\u011bhovat, ale nem\u011bli jste na to v\u016fbec \u017e\u00e1dn\u00e9 prostory. Od toho tady jsou prav\u00e9 skladovac\u00ed kontejnery, kter\u00e9 m\u016f\u017eete sehnat na webov\u00e9 str\u00e1nce schoellerallibert.com\/, kde se dozv\u00edte opravdu mnoho informac\u00ed o skladov\u00fdch kontejnerech anebo taky o pron\u00e1jmu skladovac\u00edch kontejner\u016f. A aby se v\u00e1m p\u0159iznala, tak j\u00e1 na t\u00e9to str\u00e1nce nakupuji opravdu hodn\u011b \u010dasto nebo si tam taky n\u011bco p\u016fj\u010duji. L\u00edb\u00ed se mi, \u017ee tato firma m\u00e1 opravdu profesion\u00e1ln\u00ed p\u0159\u00edstup ke v\u0161em klient\u016fm a z\u00e1kazn\u00edk\u016fm, tak\u017ee se nemus\u00edte b\u00e1t, \u017ee byste t\u0159eba n\u011bco nepochopili nebo by se v\u00e1m t\u0159eba n\u011bco nel\u00edbilo.J\u00e1 sama jsem byla p\u0159ekvapen\u00e1, \u017ee dokonce i moji dva nejlep\u0161\u00ed kamar\u00e1di tam taky pracuj\u00ed. Kamar\u00e1di mi \u0159\u00edkaj\u00ed, \u017ee tam maj\u00ed opravdu nadstandardn\u00ed podm\u00ednky a taky platov\u00e9 podm\u00ednky, tak\u017ee se tam opravdu v\u0161em l\u00edb\u00ed. Tak\u017ee asi ide\u00e1ln\u00ed zam\u011bstn\u00e1n\u00ed pro v\u0161echny \u0161ikovn\u00e9 lidi. J\u00e1 jsem byla r\u00e1da, \u017ee alespo\u0148 n\u00e1kupem mohu podpo\u0159it tak skv\u011blou firmu, kter\u00e1 u\u017e taky chce expandovat n\u011bkam jinam ne\u017e jenom tady u n\u00e1s v \u010cesk\u00e9 republice. A taky nav\u00edc jsem taky r\u00e1da, skladov\u00e9 kontejnery pom\u00e1haj\u00ed lidem, kdy\u017e se t\u0159eba cht\u011bj\u00ed vyst\u011bhovat. A j\u00e1 u\u017e jsem tuto slu\u017ebu vyu\u017eila n\u011bkolikr\u00e1t, proto\u017ee jsem pot\u0159ebovala skladovac\u00ed kontejner na to, abychom vyst\u011bhovala velkou p\u016fjdu po m\u00e9 pratet\u011b, kter\u00e1 zem\u0159ela. A v\u011b\u0159te mi, \u017ee moje teta tam na p\u016fd\u011b toho m\u011bla opravdu tolik, \u017ee bych si mohla otev\u0159\u00edt vete\u0161nictv\u00ed. A nakonec v\u0161echno dopadla dob\u0159e a j\u00e1 jsem potom sv\u016fj skladov\u00fd kontejner prodala d\u00e1le, proto\u017ee u\u017e jsem ho nepot\u0159ebovala. Pokud i vy tou\u017e\u00edte po n\u011bjak\u00e9m skladovac\u00edm kontejneru, tak se pod\u00edvejte na zm\u00edn\u011bn\u00e9 webov\u00e9 str\u00e1nky, kde je opravdu hodn\u011b na v\u00fdb\u011br a jist\u011b si vyberete. A jist\u011b si tam vyberete ten sv\u016fj skladovac\u00ed kontejner, aby v\u00e1m vyhovoval. A nezapome\u0148te, \u017ee skladovac\u00ed kontejnery maj\u00ed taky r\u016fzn\u00e9 velikosti.                                                                                                                                                                                                                                                                                                                                                                                           4.4\/5 - (9 votes)        "},{"@context":"https:\/\/schema.org\/","@type":"BreadcrumbList","itemListElement":[{"@type":"ListItem","position":1,"name":"Skald pro r\u016fzn\u00e9 v\u011bci","item":"https:\/\/www.rotera.cz\/skald-pro-ruzne-veci\/#breadcrumbitem"}]}]